{"id":907,"date":"2009-10-07T18:26:45","date_gmt":"2009-10-07T16:26:45","guid":{"rendered":"http:\/\/www.final-memory.org\/?p=907"},"modified":"2009-10-07T18:28:39","modified_gmt":"2009-10-07T16:28:39","slug":"umbau-dachfenster-beendet","status":"publish","type":"post","link":"https:\/\/www.final-memory.org\/?p=907","title":{"rendered":"Umbau Dachfenster beendet"},"content":{"rendered":"<p>Yippie! Der Umbau an meinem Badezimmerfenster ist wohl beendet.<\/p>\n<figure id=\"attachment_910\" aria-describedby=\"caption-attachment-910\" style=\"width: 225px\" class=\"wp-caption alignleft\"><a href=\"http:\/\/www.final-memory.org\/wp-content\/uploads\/2009\/10\/Umbau3.jpg\"><img loading=\"lazy\" decoding=\"async\" class=\"size-medium wp-image-910 \" title=\"Das Dachfenster nach dem Umbau\" src=\"http:\/\/www.final-memory.org\/wp-content\/uploads\/2009\/10\/Umbau3-225x300.jpg\" alt=\"Das Dachfenster nach dem Umbau\" width=\"225\" height=\"300\" srcset=\"https:\/\/www.final-memory.org\/wp-content\/uploads\/2009\/10\/Umbau3-225x300.jpg 225w, https:\/\/www.final-memory.org\/wp-content\/uploads\/2009\/10\/Umbau3.jpg 600w\" sizes=\"auto, (max-width: 225px) 85vw, 225px\" \/><\/a><figcaption id=\"caption-attachment-910\" class=\"wp-caption-text\">Das Dachfenster nach dem Umbau<\/figcaption><\/figure>\n<p>Gestern kam ich heim und das Bad war fertig. Sp\u00fclkasten montiert und funktionsf\u00e4hig , die neue Klappt\u00fcr zum Kabuff eingebaut und alles gestrichen und verputzt. Sogar der Rest war aufger\u00e4umt und die Staub- und Putzreste ordentlich weggeputzt!<\/p>\n<p>Heute kam ich heim und siehe da, die eigentliche Notausstiegsplattform ist von ihrem alten Platz umgezogen.<\/p>\n<figure id=\"attachment_911\" aria-describedby=\"caption-attachment-911\" style=\"width: 300px\" class=\"wp-caption alignright\"><a href=\"http:\/\/www.final-memory.org\/wp-content\/uploads\/2009\/10\/Umbau4.jpg\"><img loading=\"lazy\" decoding=\"async\" class=\"size-medium wp-image-911 \" title=\"Blick auf den neuen Notausstieg\" src=\"http:\/\/www.final-memory.org\/wp-content\/uploads\/2009\/10\/Umbau4-300x225.jpg\" alt=\"Blick auf den neuen Notausstieg\" width=\"300\" height=\"225\" srcset=\"https:\/\/www.final-memory.org\/wp-content\/uploads\/2009\/10\/Umbau4-300x225.jpg 300w, https:\/\/www.final-memory.org\/wp-content\/uploads\/2009\/10\/Umbau4.jpg 800w\" sizes=\"auto, (max-width: 300px) 85vw, 300px\" \/><\/a><figcaption id=\"caption-attachment-911\" class=\"wp-caption-text\">Blick auf den neuen Notausstieg<\/figcaption><\/figure>\n<p>Jetzt ist sie unter dem neuen Dachfenster anstelle unter meinem bsiherigen Wohnzimmer, bzw. Schlafzimmerfenster.<\/p>\n<p>Wenn ich jetzt meinen Zweitschl\u00fcssel noch wiederbekomme und mein Vermieter zufrieden ist, muss ich *toi toi toi* hoffentlich hier keine weiteren Bauaktionen mitmachen.<\/p>\n<figure id=\"attachment_913\" aria-describedby=\"caption-attachment-913\" style=\"width: 300px\" class=\"wp-caption aligncenter\"><a href=\"http:\/\/www.final-memory.org\/wp-content\/uploads\/2009\/10\/Umbau5.jpg\"><img loading=\"lazy\" decoding=\"async\" class=\"size-medium wp-image-913 \" title=\"Noch ein Blick auf den neuen Notausstieg\" src=\"http:\/\/www.final-memory.org\/wp-content\/uploads\/2009\/10\/Umbau5-300x225.jpg\" alt=\"Noch ein Blick auf den neuen Notausstieg\" width=\"300\" height=\"225\" srcset=\"https:\/\/www.final-memory.org\/wp-content\/uploads\/2009\/10\/Umbau5-300x225.jpg 300w, https:\/\/www.final-memory.org\/wp-content\/uploads\/2009\/10\/Umbau5.jpg 800w\" sizes=\"auto, (max-width: 300px) 85vw, 300px\" \/><\/a><figcaption id=\"caption-attachment-913\" class=\"wp-caption-text\">Noch ein Blick auf den neuen Notausstieg<\/figcaption><\/figure>\n<p style=\"text-align: center;\">\n<div id=\"facebook_like\"><iframe src=\"http:\/\/www.facebook.com\/plugins\/like.php?href=https%3A%2F%2Fwww.final-memory.org%2F%3Fp%3D907&amp;layout=standard&amp;show_faces=true&amp;width=500&amp;action=like&amp;font=segoe+ui&amp;colorscheme=light&amp;height=80\" scrolling=\"no\" frameborder=\"0\" style=\"border:none; overflow:hidden; width:500px; height:80px;\" allowTransparency=\"true\"><\/iframe><\/div>","protected":false},"excerpt":{"rendered":"<p>Yippie! Der Umbau an meinem Badezimmerfenster ist wohl beendet. Gestern kam ich heim und das Bad war fertig. Sp\u00fclkasten montiert und funktionsf\u00e4hig , die neue Klappt\u00fcr zum Kabuff eingebaut und alles gestrichen und verputzt. Sogar der Rest war aufger\u00e4umt und die Staub- und Putzreste ordentlich weggeputzt! Heute kam ich heim und siehe da, die eigentliche &hellip; <a href=\"https:\/\/www.final-memory.org\/?p=907\" class=\"more-link\">Continue reading<span class=\"screen-reader-text\"> &#8220;Umbau Dachfenster beendet&#8221;<\/span><\/a><\/p>\n","protected":false},"author":2,"featured_media":0,"comment_status":"open","ping_status":"open","sticky":false,"template":"","format":"standard","meta":{"footnotes":""},"categories":[18,45],"tags":[],"class_list":["post-907","post","type-post","status-publish","format-standard","hentry","category-privates","category-wohnen"],"_links":{"self":[{"href":"https:\/\/www.final-memory.org\/index.php?rest_route=\/wp\/v2\/posts\/907","targetHints":{"allow":["GET"]}}],"collection":[{"href":"https:\/\/www.final-memory.org\/index.php?rest_route=\/wp\/v2\/posts"}],"about":[{"href":"https:\/\/www.final-memory.org\/index.php?rest_route=\/wp\/v2\/types\/post"}],"author":[{"embeddable":true,"href":"https:\/\/www.final-memory.org\/index.php?rest_route=\/wp\/v2\/users\/2"}],"replies":[{"embeddable":true,"href":"https:\/\/www.final-memory.org\/index.php?rest_route=%2Fwp%2Fv2%2Fcomments&post=907"}],"version-history":[{"count":4,"href":"https:\/\/www.final-memory.org\/index.php?rest_route=\/wp\/v2\/posts\/907\/revisions"}],"predecessor-version":[{"id":914,"href":"https:\/\/www.final-memory.org\/index.php?rest_route=\/wp\/v2\/posts\/907\/revisions\/914"}],"wp:attachment":[{"href":"https:\/\/www.final-memory.org\/index.php?rest_route=%2Fwp%2Fv2%2Fmedia&parent=907"}],"wp:term":[{"taxonomy":"category","embeddable":true,"href":"https:\/\/www.final-memory.org\/index.php?rest_route=%2Fwp%2Fv2%2Fcategories&post=907"},{"taxonomy":"post_tag","embeddable":true,"href":"https:\/\/www.final-memory.org\/index.php?rest_route=%2Fwp%2Fv2%2Ftags&post=907"}],"curies":[{"name":"wp","href":"https:\/\/api.w.org\/{rel}","templated":true}]}}