{"id":484,"date":"2009-02-14T19:41:06","date_gmt":"2009-02-14T17:41:06","guid":{"rendered":"http:\/\/www.final-memory.org\/?p=484"},"modified":"2009-02-14T19:41:06","modified_gmt":"2009-02-14T17:41:06","slug":"der-bodensee-im-winter","status":"publish","type":"post","link":"https:\/\/www.final-memory.org\/?p=484","title":{"rendered":"Der Bodensee im Winter"},"content":{"rendered":"<p>Heute nachmittag habe ich spontan einen Spaziergang am Seeufer gemacht.<\/p>\n<p>Es flogen Schneeflocken drch die Luft, aber blieben nicht liegen. Insgesamt Winterstimmung, auch wenn es vom Umfang nicht an Clausthal herankommt *fg*<\/p>\n<p>Unterwegs waren nur \u00e4ltere Ehepaare, man k\u00f6nnte meinen, es g\u00e4be keinerlei Kinder mehr. Obwohl, eine Ausnahme gab es, im Strandbad baute ein junges Paar mit Kindern einen Schneemann.<\/p>\n<figure id=\"attachment_485\" aria-describedby=\"caption-attachment-485\" style=\"width: 300px\" class=\"wp-caption alignnone\"><a href=\"http:\/\/www.final-memory.org\/wp-content\/uploads\/2009\/02\/img_1763.jpg\"><img loading=\"lazy\" decoding=\"async\" class=\"size-medium wp-image-485\" title=\"img_1763\" src=\"http:\/\/www.final-memory.org\/wp-content\/uploads\/2009\/02\/img_1763-300x225.jpg\" alt=\"Blick auf den See bei bestem Winternebel\" width=\"300\" height=\"225\" srcset=\"https:\/\/www.final-memory.org\/wp-content\/uploads\/2009\/02\/img_1763-300x225.jpg 300w, https:\/\/www.final-memory.org\/wp-content\/uploads\/2009\/02\/img_1763.jpg 800w\" sizes=\"auto, (max-width: 300px) 85vw, 300px\" \/><\/a><figcaption id=\"caption-attachment-485\" class=\"wp-caption-text\">Blick auf den See bei bestem Winternebel<\/figcaption><\/figure>\n<figure id=\"attachment_486\" aria-describedby=\"caption-attachment-486\" style=\"width: 300px\" class=\"wp-caption alignnone\"><a href=\"http:\/\/www.final-memory.org\/wp-content\/uploads\/2009\/02\/img_1765.jpg\"><img loading=\"lazy\" decoding=\"async\" class=\"size-medium wp-image-486\" title=\"img_1765\" src=\"http:\/\/www.final-memory.org\/wp-content\/uploads\/2009\/02\/img_1765-300x225.jpg\" alt=\"Blick vom Strandbad auf die Promenade\" width=\"300\" height=\"225\" srcset=\"https:\/\/www.final-memory.org\/wp-content\/uploads\/2009\/02\/img_1765-300x225.jpg 300w, https:\/\/www.final-memory.org\/wp-content\/uploads\/2009\/02\/img_1765.jpg 800w\" sizes=\"auto, (max-width: 300px) 85vw, 300px\" \/><\/a><figcaption id=\"caption-attachment-486\" class=\"wp-caption-text\">Blick vom Strandbad auf die Promenade<\/figcaption><\/figure>\n<figure id=\"attachment_487\" aria-describedby=\"caption-attachment-487\" style=\"width: 300px\" class=\"wp-caption alignnone\"><a href=\"http:\/\/www.final-memory.org\/wp-content\/uploads\/2009\/02\/img_1767.jpg\"><img loading=\"lazy\" decoding=\"async\" class=\"size-medium wp-image-487\" title=\"img_1767\" src=\"http:\/\/www.final-memory.org\/wp-content\/uploads\/2009\/02\/img_1767-300x225.jpg\" alt=\"Der Blick zur\u00fcck Richtung Strandbad und Schlo\u00df von der Promenade\" width=\"300\" height=\"225\" srcset=\"https:\/\/www.final-memory.org\/wp-content\/uploads\/2009\/02\/img_1767-300x225.jpg 300w, https:\/\/www.final-memory.org\/wp-content\/uploads\/2009\/02\/img_1767.jpg 800w\" sizes=\"auto, (max-width: 300px) 85vw, 300px\" \/><\/a><figcaption id=\"caption-attachment-487\" class=\"wp-caption-text\">Der Blick zur\u00fcck Richtung Strandbad und Schlo\u00df von der Promenade<\/figcaption><\/figure>\n<p>Nachher gibt es Maultaschensuppe <img decoding=\"async\" class=\"lmbbox_smileys_img\" src=\"http:\/\/www.final-memory.org\/wp-content\/plugins\/lmbbox-smileys\/smileys\/tb\/laugh.gif\" alt=\":D\" \/><\/p>\n<div id=\"facebook_like\"><iframe src=\"http:\/\/www.facebook.com\/plugins\/like.php?href=https%3A%2F%2Fwww.final-memory.org%2F%3Fp%3D484&amp;layout=standard&amp;show_faces=true&amp;width=500&amp;action=like&amp;font=segoe+ui&amp;colorscheme=light&amp;height=80\" scrolling=\"no\" frameborder=\"0\" style=\"border:none; overflow:hidden; width:500px; height:80px;\" allowTransparency=\"true\"><\/iframe><\/div>","protected":false},"excerpt":{"rendered":"<p>Heute nachmittag habe ich spontan einen Spaziergang am Seeufer gemacht. Es flogen Schneeflocken drch die Luft, aber blieben nicht liegen. Insgesamt Winterstimmung, auch wenn es vom Umfang nicht an Clausthal herankommt *fg* Unterwegs waren nur \u00e4ltere Ehepaare, man k\u00f6nnte meinen, es g\u00e4be keinerlei Kinder mehr. Obwohl, eine Ausnahme gab es, im Strandbad baute ein junges &hellip; <a href=\"https:\/\/www.final-memory.org\/?p=484\" class=\"more-link\">Continue reading<span class=\"screen-reader-text\"> &#8220;Der Bodensee im Winter&#8221;<\/span><\/a><\/p>\n","protected":false},"author":2,"featured_media":0,"comment_status":"open","ping_status":"open","sticky":false,"template":"","format":"standard","meta":{"footnotes":""},"categories":[46,40],"tags":[],"class_list":["post-484","post","type-post","status-publish","format-standard","hentry","category-ausflug","category-wetter"],"_links":{"self":[{"href":"https:\/\/www.final-memory.org\/index.php?rest_route=\/wp\/v2\/posts\/484","targetHints":{"allow":["GET"]}}],"collection":[{"href":"https:\/\/www.final-memory.org\/index.php?rest_route=\/wp\/v2\/posts"}],"about":[{"href":"https:\/\/www.final-memory.org\/index.php?rest_route=\/wp\/v2\/types\/post"}],"author":[{"embeddable":true,"href":"https:\/\/www.final-memory.org\/index.php?rest_route=\/wp\/v2\/users\/2"}],"replies":[{"embeddable":true,"href":"https:\/\/www.final-memory.org\/index.php?rest_route=%2Fwp%2Fv2%2Fcomments&post=484"}],"version-history":[{"count":1,"href":"https:\/\/www.final-memory.org\/index.php?rest_route=\/wp\/v2\/posts\/484\/revisions"}],"predecessor-version":[{"id":488,"href":"https:\/\/www.final-memory.org\/index.php?rest_route=\/wp\/v2\/posts\/484\/revisions\/488"}],"wp:attachment":[{"href":"https:\/\/www.final-memory.org\/index.php?rest_route=%2Fwp%2Fv2%2Fmedia&parent=484"}],"wp:term":[{"taxonomy":"category","embeddable":true,"href":"https:\/\/www.final-memory.org\/index.php?rest_route=%2Fwp%2Fv2%2Fcategories&post=484"},{"taxonomy":"post_tag","embeddable":true,"href":"https:\/\/www.final-memory.org\/index.php?rest_route=%2Fwp%2Fv2%2Ftags&post=484"}],"curies":[{"name":"wp","href":"https:\/\/api.w.org\/{rel}","templated":true}]}}