{"id":330,"date":"2008-10-05T22:00:24","date_gmt":"2008-10-05T20:00:24","guid":{"rendered":"http:\/\/www.final-memory.org\/?p=330"},"modified":"2008-10-05T22:02:20","modified_gmt":"2008-10-05T20:02:20","slug":"kurzurlaub-oktober","status":"publish","type":"post","link":"https:\/\/www.final-memory.org\/?p=330","title":{"rendered":"Kurzurlaub Oktober"},"content":{"rendered":"<p>Die letzten Tage waren Urlaub, und die kommenden werden es sein. Daher habe ich im Moment so wenig zu schreiben.<\/p>\n<p>Meine Eltern sind seit dem letzten Mittwoch hier in Friedrichshafen um michzu besuchen und ich habe das verl\u00e4ngerte Wochenende als Urlaub, so wie die kommende Woche.<\/p>\n<p>Leider war das Wetter nicht so sch\u00f6n wie erhofft, eigentlich wollten wir in den Alpen wandern, aber Regen und Schnee machten einen Strich durch die Rechnung. Am Freitag (Tag der deutschrn Einheit) waren wir bei Regen und kalter Luft in der Schweiz. Vorher tankten wir in Bregenz f\u00fcr lukrative 1,23\u20ac Diesel. In Appenzell oben machten wir einen Rundgang und kauften K\u00e4se. Es war um 0 und insgesamt sehr winterlich k\u00fchl. Danach fuhren wir noch nach Sankt Gallen um zu bummeln und Schokolade zu kaufen.<\/p>\n<p>Auch gestern gab es nichts zum Wandern, eigentlich wollten wir ins Wei\u00dfachtal unterhalb der <a href=\"http:\/\/de.wikipedia.org\/wiki\/Nagelfluhkette\" target=\"_blank\">Nagelfluhkette<\/a> wandern, aber hinter Lindau gab es statt Schauern Dauerregen, so da\u00df wir kurz hinter Lindenberg umkehrten. Spontan \u00e4nderten wir den Tagesplan um und fuhren nach Meersburg und liefen dort bei durchwachsenem Wetter und Regen am Bodenseeufer. Als wir wieder die Stadt erreichten gab es soetwas wie Sonne und wir bummelten durch die sehr h\u00fcbsche Altstadt. Dort muss ich auf jeden Fall noch einmal hin, Steilufer, Weinberge und eine h\u00fcbsche Stadt, sehr sehenswert!<\/p>\n<p>Die R\u00fcckfahrt f\u00fchrte uns \u00fcber Salem, das Deggenhauser Tal und den Gehrenberg heim nacht Friedrichshafen, wo wir den Tag gestern abend ge\u00fctlich schw\u00e4bisch essen gingen und uns Meckatzer Zwickelbier munden lie\u00dfen.<\/p>\n<p>Heute war daf\u00fcr das Wetter goldig und wir holten die Tour im Wei\u00dfachtal nach. Von der Talstation der Hochgratbahn aus liefen wir hoch ins Tal. Ab ca 1000m lag Schnee und der Weg war teilweise glatt. Aber erreichten schlie\u00dflich in sch\u00f6nster Sonne eine Alm auf 1129m, wo wir Mittagspause machten und die Sicht auf das Rindalphorn und den Stuiben genossen. Beim Abstieg hatten wir dann den Hochgrat gut im Blick und sa\u00dfen noch auf einer sonnigen Bank, nachdem wir den Schnee hinter uns gelassen hatten. Gut 15km haben wir geschafft und f\u00fchlten uns f\u00fcr das eher miese Wetter der vergangenen Tage entsch\u00e4digt.<\/p>\n<p>Morgen geht es heim in den Norden und ich lasse mich im guten alten Clausthal absetzen, denn diese Woche ist Arbeitswoche an der <a href=\"http:\/\/www.lehrbergwerk.de\/\" target=\"_blank\">Grube<\/a>. Ich habe eher gemischte Gef\u00fchle, meine alten Freunde wiederzusehen ist ein guter Grund, aber w\u00e4ren Janina und meine Freunde nicht, ich w\u00fcrde in Sankt Andreasberg wohnen und Clausthal vergessen wollen.<\/p>\n<p>Hoffentlich gibts keine unangenehmen Erinnerungen&#8230;.aber erstmal hinkommen. Wir wollen \u00fcber Th\u00fcringen fahren und vom Bodensee bis zum Harz ist es ja ein erkleckliches Eckchen. Vor halb 5 werde ich nicht in Clausthal sein&#8230;<\/p>\n<div id=\"facebook_like\"><iframe src=\"http:\/\/www.facebook.com\/plugins\/like.php?href=https%3A%2F%2Fwww.final-memory.org%2F%3Fp%3D330&amp;layout=standard&amp;show_faces=true&amp;width=500&amp;action=like&amp;font=segoe+ui&amp;colorscheme=light&amp;height=80\" scrolling=\"no\" frameborder=\"0\" style=\"border:none; overflow:hidden; width:500px; height:80px;\" allowTransparency=\"true\"><\/iframe><\/div>","protected":false},"excerpt":{"rendered":"<p>Die letzten Tage waren Urlaub, und die kommenden werden es sein. Daher habe ich im Moment so wenig zu schreiben. Meine Eltern sind seit dem letzten Mittwoch hier in Friedrichshafen um michzu besuchen und ich habe das verl\u00e4ngerte Wochenende als Urlaub, so wie die kommende Woche. Leider war das Wetter nicht so sch\u00f6n wie erhofft, &hellip; <a href=\"https:\/\/www.final-memory.org\/?p=330\" class=\"more-link\">Continue reading<span class=\"screen-reader-text\"> &#8220;Kurzurlaub Oktober&#8221;<\/span><\/a><\/p>\n","protected":false},"author":2,"featured_media":0,"comment_status":"open","ping_status":"open","sticky":false,"template":"","format":"standard","meta":{"footnotes":""},"categories":[46,18,4,40],"tags":[],"class_list":["post-330","post","type-post","status-publish","format-standard","hentry","category-ausflug","category-privates","category-urlaub","category-wetter"],"_links":{"self":[{"href":"https:\/\/www.final-memory.org\/index.php?rest_route=\/wp\/v2\/posts\/330","targetHints":{"allow":["GET"]}}],"collection":[{"href":"https:\/\/www.final-memory.org\/index.php?rest_route=\/wp\/v2\/posts"}],"about":[{"href":"https:\/\/www.final-memory.org\/index.php?rest_route=\/wp\/v2\/types\/post"}],"author":[{"embeddable":true,"href":"https:\/\/www.final-memory.org\/index.php?rest_route=\/wp\/v2\/users\/2"}],"replies":[{"embeddable":true,"href":"https:\/\/www.final-memory.org\/index.php?rest_route=%2Fwp%2Fv2%2Fcomments&post=330"}],"version-history":[{"count":2,"href":"https:\/\/www.final-memory.org\/index.php?rest_route=\/wp\/v2\/posts\/330\/revisions"}],"predecessor-version":[{"id":332,"href":"https:\/\/www.final-memory.org\/index.php?rest_route=\/wp\/v2\/posts\/330\/revisions\/332"}],"wp:attachment":[{"href":"https:\/\/www.final-memory.org\/index.php?rest_route=%2Fwp%2Fv2%2Fmedia&parent=330"}],"wp:term":[{"taxonomy":"category","embeddable":true,"href":"https:\/\/www.final-memory.org\/index.php?rest_route=%2Fwp%2Fv2%2Fcategories&post=330"},{"taxonomy":"post_tag","embeddable":true,"href":"https:\/\/www.final-memory.org\/index.php?rest_route=%2Fwp%2Fv2%2Ftags&post=330"}],"curies":[{"name":"wp","href":"https:\/\/api.w.org\/{rel}","templated":true}]}}