{"id":2362,"date":"2012-08-05T17:14:18","date_gmt":"2012-08-05T15:14:18","guid":{"rendered":"http:\/\/www.final-memory.org\/?p=2362"},"modified":"2012-08-05T17:14:18","modified_gmt":"2012-08-05T15:14:18","slug":"ausflug-zum-hochgrat-am-5-8-2012","status":"publish","type":"post","link":"https:\/\/www.final-memory.org\/?p=2362","title":{"rendered":"Ausflug zum Hochgrat am 5.8.2012"},"content":{"rendered":"<p>Janina und ich haben heute einen Ausflug ins Allg\u00e4u gemacht und sind mit der Bergbahn auf den Hochgrat (h\u00f6chster Gipfel der Nagelfluhkette bei Oberstaufen) gefahren.<\/p>\n<p>Zun\u00e4chst sind wir auf den Gipfel gestiegen und haben die Aussicht bewundert. Man konnte Richtung Oberstdorf und weiter Richtung Zugspitze sehen. Der gesammte Allg\u00e4uer Hauptkamm inklusive Widderstein und dann weiter \u00fcber den Bregenzerwald mit Abschluss Richtung S\u00e4ntis von einer anderen Perspektive war zu sehen.<\/p>\n<figure style=\"width: 531px\" class=\"wp-caption alignright\"><img loading=\"lazy\" decoding=\"async\" title=\"Das Gipfelkreuz auf dem Hochgrat\" src=\"https:\/\/lh5.googleusercontent.com\/-SgadTMKiDGc\/UB6LqCCZEBI\/AAAAAAAAAtI\/DUA6ptcWVzU\/s708\/IMG_2920.JPG\" alt=\"Das Gipfelkreuz auf dem Hochgrat\" width=\"531\" height=\"708\" \/><figcaption class=\"wp-caption-text\">Das Gipfelkreuz auf dem Hochgrat<\/figcaption><\/figure>\n<p>Danach sind wir gem\u00fctlich in gut 2 Stunden abgestiegen. Der Weg war richtig steil und wir sp\u00fcren Knie und Oberschenkel immernoch. Das Wetter schlug auch irgendwie um, es fing auf der Heimfahrt Richtung Lindenberg zwischendurch an zu regnen. Jetzt am See ist allerdings Sonne und kein Regen zu sp\u00fcren. Vielleicht bekommen wir noch Gewitter?<\/p>\n<p>Fotos liegen bei Picasa unter <a href=\"https:\/\/plus.google.com\/photos\/109945049476161511185\/albums\/5773205204910316289\" target=\"_blank\">https:\/\/plus.google.com\/photos\/109945049476161511185\/albums\/5773205204910316289<\/a><\/p>\n<div id=\"facebook_like\"><iframe src=\"http:\/\/www.facebook.com\/plugins\/like.php?href=https%3A%2F%2Fwww.final-memory.org%2F%3Fp%3D2362&amp;layout=standard&amp;show_faces=true&amp;width=500&amp;action=like&amp;font=segoe+ui&amp;colorscheme=light&amp;height=80\" scrolling=\"no\" frameborder=\"0\" style=\"border:none; overflow:hidden; width:500px; height:80px;\" allowTransparency=\"true\"><\/iframe><\/div>","protected":false},"excerpt":{"rendered":"<p>Janina und ich haben heute einen Ausflug ins Allg\u00e4u gemacht und sind mit der Bergbahn auf den Hochgrat (h\u00f6chster Gipfel der Nagelfluhkette bei Oberstaufen) gefahren. Zun\u00e4chst sind wir auf den Gipfel gestiegen und haben die Aussicht bewundert. Man konnte Richtung Oberstdorf und weiter Richtung Zugspitze sehen. Der gesammte Allg\u00e4uer Hauptkamm inklusive Widderstein und dann weiter &hellip; <a href=\"https:\/\/www.final-memory.org\/?p=2362\" class=\"more-link\">Continue reading<span class=\"screen-reader-text\"> &#8220;Ausflug zum Hochgrat am 5.8.2012&#8221;<\/span><\/a><\/p>\n","protected":false},"author":2,"featured_media":0,"comment_status":"open","ping_status":"open","sticky":false,"template":"","format":"standard","meta":{"footnotes":""},"categories":[46,40],"tags":[],"class_list":["post-2362","post","type-post","status-publish","format-standard","hentry","category-ausflug","category-wetter"],"_links":{"self":[{"href":"https:\/\/www.final-memory.org\/index.php?rest_route=\/wp\/v2\/posts\/2362","targetHints":{"allow":["GET"]}}],"collection":[{"href":"https:\/\/www.final-memory.org\/index.php?rest_route=\/wp\/v2\/posts"}],"about":[{"href":"https:\/\/www.final-memory.org\/index.php?rest_route=\/wp\/v2\/types\/post"}],"author":[{"embeddable":true,"href":"https:\/\/www.final-memory.org\/index.php?rest_route=\/wp\/v2\/users\/2"}],"replies":[{"embeddable":true,"href":"https:\/\/www.final-memory.org\/index.php?rest_route=%2Fwp%2Fv2%2Fcomments&post=2362"}],"version-history":[{"count":1,"href":"https:\/\/www.final-memory.org\/index.php?rest_route=\/wp\/v2\/posts\/2362\/revisions"}],"predecessor-version":[{"id":2363,"href":"https:\/\/www.final-memory.org\/index.php?rest_route=\/wp\/v2\/posts\/2362\/revisions\/2363"}],"wp:attachment":[{"href":"https:\/\/www.final-memory.org\/index.php?rest_route=%2Fwp%2Fv2%2Fmedia&parent=2362"}],"wp:term":[{"taxonomy":"category","embeddable":true,"href":"https:\/\/www.final-memory.org\/index.php?rest_route=%2Fwp%2Fv2%2Fcategories&post=2362"},{"taxonomy":"post_tag","embeddable":true,"href":"https:\/\/www.final-memory.org\/index.php?rest_route=%2Fwp%2Fv2%2Ftags&post=2362"}],"curies":[{"name":"wp","href":"https:\/\/api.w.org\/{rel}","templated":true}]}}