{"id":2100,"date":"2011-04-03T21:24:09","date_gmt":"2011-04-03T19:24:09","guid":{"rendered":"http:\/\/www.final-memory.org\/?p=2100"},"modified":"2011-04-03T21:24:09","modified_gmt":"2011-04-03T19:24:09","slug":"besuch-in-meersburg","status":"publish","type":"post","link":"https:\/\/www.final-memory.org\/?p=2100","title":{"rendered":"Besuch in Meersburg"},"content":{"rendered":"<p>Heute haben Janina und ich bei strahlendem Sonnenschein einen Ausflug nach Meersburg gemacht. Insgesamt war es warm und sonnig, in den Cafes und Restaurants herrschte Hochbetrieb. Ich war in kurzen Hosen unterwegs und habe es nicht bereut.<\/p>\n<figure style=\"width: 400px\" class=\"wp-caption aligncenter\"><a href=\"http:\/\/www.final-memory.org\/?page_id=2099&amp;pid=1086#picture_nav\"><img loading=\"lazy\" decoding=\"async\" title=\"Die Burg in Meersburg\" src=\"http:\/\/www.final-memory.org\/wp-content\/gallery\/album2099_1\/normal_IMG_2647.JPG\" alt=\"Die Burg in Meersburg\" width=\"400\" height=\"300\" \/><\/a><figcaption class=\"wp-caption-text\">Die Burg in Meersburg<\/figcaption><\/figure>\n<p>Wir haben die Burg besichtigt. \u00a0Diese ist sehr sehenswert und der Rundgang umfasst gut 25 R\u00e4ume und \u00d6rtlichkeiten, inklusive Gesindek\u00fcche, Kerker, Burgbrunnen, einem Badehaus und dem Wohntrakt der Dichterin <a href=\"http:\/\/de.wikipedia.org\/wiki\/Annette_von_Droste-H%C3%BClshoff\" target=\"_blank\">Annette von Droste-H\u00fclshoff<\/a>, die hier im Jahre 1848 verstarb. Allerdings kann ich nicht sagen, da\u00df ich mit diesem Namen und ihrem Werk positives verbinde. \u00dcbelste Erinnerungen an den Deutschunterricht in der 9.Klasse kommen da wieder hoch.<\/p>\n<figure style=\"width: 300px\" class=\"wp-caption aligncenter\"><a href=\"http:\/\/www.final-memory.org\/wp-content\/gallery\/album2099_1\/IMG_2655.JPG\"><img loading=\"lazy\" decoding=\"async\" title=\"Die Burgm\u00fchle in Meersburg\" src=\"http:\/\/www.final-memory.org\/wp-content\/gallery\/album2099_1\/normal_IMG_2655.JPG\" alt=\"Die Burgm\u00fchle in Meersburg\" width=\"300\" height=\"400\" \/><\/a><figcaption class=\"wp-caption-text\">Die Burgm\u00fchle in Meersburg<\/figcaption><\/figure>\n<p>Im Aussengel\u00e4nde der Burg, direkt im Burggraben unter der Burgbr\u00fccke, gibt es eine h\u00fcbsche Wasserm\u00fchle. Zumindest das imposante Wasserrad davon ist noch in Aktion. Janina kann zwar meine Begeisterung nicht teilen, aber das muss sie auch nicht. <img decoding=\"async\" class=\"lmbbox_smileys_img\" src=\"http:\/\/www.final-memory.org\/wp-content\/plugins\/lmbbox-smileys\/smileys\/tb\/wink1.gif\" alt=\";)\" \/><\/p>\n<p>Danach sind wir eine Runde durch die feine Stadt gebummelt und waren auf der Uferpromenade Eis essen.<\/p>\n<p>Fotos gibt es hier: <a href=\"http:\/\/www.final-memory.org\/?page_id=2099\">http:\/\/www.final-memory.org\/?page_id=2099<\/a><\/p>\n<div id=\"facebook_like\"><iframe src=\"http:\/\/www.facebook.com\/plugins\/like.php?href=https%3A%2F%2Fwww.final-memory.org%2F%3Fp%3D2100&amp;layout=standard&amp;show_faces=true&amp;width=500&amp;action=like&amp;font=segoe+ui&amp;colorscheme=light&amp;height=80\" scrolling=\"no\" frameborder=\"0\" style=\"border:none; overflow:hidden; width:500px; height:80px;\" allowTransparency=\"true\"><\/iframe><\/div>","protected":false},"excerpt":{"rendered":"<p>Heute haben Janina und ich bei strahlendem Sonnenschein einen Ausflug nach Meersburg gemacht. Insgesamt war es warm und sonnig, in den Cafes und Restaurants herrschte Hochbetrieb. Ich war in kurzen Hosen unterwegs und habe es nicht bereut. Wir haben die Burg besichtigt. \u00a0Diese ist sehr sehenswert und der Rundgang umfasst gut 25 R\u00e4ume und \u00d6rtlichkeiten, &hellip; <a href=\"https:\/\/www.final-memory.org\/?p=2100\" class=\"more-link\">Continue reading<span class=\"screen-reader-text\"> &#8220;Besuch in Meersburg&#8221;<\/span><\/a><\/p>\n","protected":false},"author":2,"featured_media":0,"comment_status":"open","ping_status":"open","sticky":false,"template":"","format":"standard","meta":{"footnotes":""},"categories":[46,40],"tags":[],"class_list":["post-2100","post","type-post","status-publish","format-standard","hentry","category-ausflug","category-wetter"],"_links":{"self":[{"href":"https:\/\/www.final-memory.org\/index.php?rest_route=\/wp\/v2\/posts\/2100","targetHints":{"allow":["GET"]}}],"collection":[{"href":"https:\/\/www.final-memory.org\/index.php?rest_route=\/wp\/v2\/posts"}],"about":[{"href":"https:\/\/www.final-memory.org\/index.php?rest_route=\/wp\/v2\/types\/post"}],"author":[{"embeddable":true,"href":"https:\/\/www.final-memory.org\/index.php?rest_route=\/wp\/v2\/users\/2"}],"replies":[{"embeddable":true,"href":"https:\/\/www.final-memory.org\/index.php?rest_route=%2Fwp%2Fv2%2Fcomments&post=2100"}],"version-history":[{"count":3,"href":"https:\/\/www.final-memory.org\/index.php?rest_route=\/wp\/v2\/posts\/2100\/revisions"}],"predecessor-version":[{"id":2103,"href":"https:\/\/www.final-memory.org\/index.php?rest_route=\/wp\/v2\/posts\/2100\/revisions\/2103"}],"wp:attachment":[{"href":"https:\/\/www.final-memory.org\/index.php?rest_route=%2Fwp%2Fv2%2Fmedia&parent=2100"}],"wp:term":[{"taxonomy":"category","embeddable":true,"href":"https:\/\/www.final-memory.org\/index.php?rest_route=%2Fwp%2Fv2%2Fcategories&post=2100"},{"taxonomy":"post_tag","embeddable":true,"href":"https:\/\/www.final-memory.org\/index.php?rest_route=%2Fwp%2Fv2%2Ftags&post=2100"}],"curies":[{"name":"wp","href":"https:\/\/api.w.org\/{rel}","templated":true}]}}