{"id":2084,"date":"2011-03-22T20:19:25","date_gmt":"2011-03-22T18:19:25","guid":{"rendered":"http:\/\/www.final-memory.org\/?p=2084"},"modified":"2011-03-22T20:19:25","modified_gmt":"2011-03-22T18:19:25","slug":"marzurlaub-mit-den-eltern-18-3-22-3-2011","status":"publish","type":"post","link":"https:\/\/www.final-memory.org\/?p=2084","title":{"rendered":"M\u00e4rzurlaub mit den Eltern 18.3. &#8211; 22.3.2011"},"content":{"rendered":"<p>Am vorigen Wochenende haben uns meine Eltern hier in Friedrichshafen besucht.<\/p>\n<p>Am Samstag war das Wetter verregnet und schlecht. Ich habe keine Fotos gemacht, aber wir haben eine Rundfahrt um den Bodensee gemacht, mit einem Abstecher nach Winterthur in der Schweiz, wo wir einkaufen waren und einen kleinen Stadtbummel bei lausig kalten Regen gemacht haben.<\/p>\n<p>Am Sonntag schien dann die Sonne. Wir machten einen Wanderausflug hinter Sibratsgf\u00e4ll im VorarlbergischenRichtung Hohen Ifen. Im Anschlu\u00df machten wir noch eine ausgedehnte Rundfahrt bis nach Liechtenstein, wobei die Stadt Vaduz keine gro\u00dfen Begeisterungsst\u00fcrme ausl\u00f6ste. Es gibt die Burg am Hang, unten in der Stadt nur dichtgedr\u00e4ngt diverse Bankbauten und eine Kirche.<\/p>\n<p>Auf der R\u00fcckfahrt steckten wir dann in Bregenz eine geschlagene Stunde im Stau. N\u00e4chstes Mal sollte man sich vllt doch eine Tagesvignette f\u00fcr die \u00d6sterreichische Autobahn holen. Es gibt eine sogenannte Korridorvignette, die bis Dornbirn g\u00fcltig ist. Da muss ich mich noch informieren.<\/p>\n<p>Am Montag war das Wetter ebenfalls gut und wir machten eine ausgedehnte Tour auf die Schw\u00e4bische Alb. Wie wanderten zwischen Burladingen und M\u00f6ssingen vom Kornb\u00fchl zum Dreif\u00fcrstenstein und zur\u00fcck. Auf der Hochebene wehte ein kalter Wind, aber es war sch\u00f6n. Leider war das Wetter eher diesig und mein Foto von der Burg Hohenzollern ist nur bedingt etwas geworden.<\/p>\n<p>Im Anschlu\u00df machten wir noch eine Rundfahrt \u00fcber M\u00f6ssingen, Hechingen, Balingen mit einem Abstecher zum Lochenstein und dann quer \u00fcber die Alb und das Donautal hinter Sigmaringen \u00fcber Pfullendorf und Heiligenberg zur\u00fcck zum Bodensee.<\/p>\n<p>Zum kr\u00f6nenden Abschlu\u00df gab es am Abend dann schw\u00e4bische Maultaschen und gutes Bier im Gasthof Rebstock, hier in Friedrichshafen.<\/p>\n<p>Fotos gibt es dazu im <a href=\"http:\/\/www.final-memory.org\/?page_id=2083\" target=\"_self\">zugeh\u00f6rigen Fotoalbum<\/a>.<\/p>\n<div id=\"facebook_like\"><iframe src=\"http:\/\/www.facebook.com\/plugins\/like.php?href=https%3A%2F%2Fwww.final-memory.org%2F%3Fp%3D2084&amp;layout=standard&amp;show_faces=true&amp;width=500&amp;action=like&amp;font=segoe+ui&amp;colorscheme=light&amp;height=80\" scrolling=\"no\" frameborder=\"0\" style=\"border:none; overflow:hidden; width:500px; height:80px;\" allowTransparency=\"true\"><\/iframe><\/div>","protected":false},"excerpt":{"rendered":"<p>Am vorigen Wochenende haben uns meine Eltern hier in Friedrichshafen besucht. Am Samstag war das Wetter verregnet und schlecht. Ich habe keine Fotos gemacht, aber wir haben eine Rundfahrt um den Bodensee gemacht, mit einem Abstecher nach Winterthur in der Schweiz, wo wir einkaufen waren und einen kleinen Stadtbummel bei lausig kalten Regen gemacht haben. &hellip; <a href=\"https:\/\/www.final-memory.org\/?p=2084\" class=\"more-link\">Continue reading<span class=\"screen-reader-text\"> &#8220;M\u00e4rzurlaub mit den Eltern 18.3. &#8211; 22.3.2011&#8221;<\/span><\/a><\/p>\n","protected":false},"author":2,"featured_media":0,"comment_status":"open","ping_status":"open","sticky":false,"template":"","format":"standard","meta":{"footnotes":""},"categories":[46,6,4,40],"tags":[],"class_list":["post-2084","post","type-post","status-publish","format-standard","hentry","category-ausflug","category-familie","category-urlaub","category-wetter"],"_links":{"self":[{"href":"https:\/\/www.final-memory.org\/index.php?rest_route=\/wp\/v2\/posts\/2084","targetHints":{"allow":["GET"]}}],"collection":[{"href":"https:\/\/www.final-memory.org\/index.php?rest_route=\/wp\/v2\/posts"}],"about":[{"href":"https:\/\/www.final-memory.org\/index.php?rest_route=\/wp\/v2\/types\/post"}],"author":[{"embeddable":true,"href":"https:\/\/www.final-memory.org\/index.php?rest_route=\/wp\/v2\/users\/2"}],"replies":[{"embeddable":true,"href":"https:\/\/www.final-memory.org\/index.php?rest_route=%2Fwp%2Fv2%2Fcomments&post=2084"}],"version-history":[{"count":1,"href":"https:\/\/www.final-memory.org\/index.php?rest_route=\/wp\/v2\/posts\/2084\/revisions"}],"predecessor-version":[{"id":2085,"href":"https:\/\/www.final-memory.org\/index.php?rest_route=\/wp\/v2\/posts\/2084\/revisions\/2085"}],"wp:attachment":[{"href":"https:\/\/www.final-memory.org\/index.php?rest_route=%2Fwp%2Fv2%2Fmedia&parent=2084"}],"wp:term":[{"taxonomy":"category","embeddable":true,"href":"https:\/\/www.final-memory.org\/index.php?rest_route=%2Fwp%2Fv2%2Fcategories&post=2084"},{"taxonomy":"post_tag","embeddable":true,"href":"https:\/\/www.final-memory.org\/index.php?rest_route=%2Fwp%2Fv2%2Ftags&post=2084"}],"curies":[{"name":"wp","href":"https:\/\/api.w.org\/{rel}","templated":true}]}}