{"id":1895,"date":"2010-10-14T19:05:49","date_gmt":"2010-10-14T17:05:49","guid":{"rendered":"http:\/\/www.final-memory.org\/?p=1895"},"modified":"2010-10-14T19:05:49","modified_gmt":"2010-10-14T17:05:49","slug":"bilder-der-neuen-kuche","status":"publish","type":"post","link":"https:\/\/www.final-memory.org\/?p=1895","title":{"rendered":"Bilder der neuen K\u00fcche"},"content":{"rendered":"<p>Wir haben gestern abend noch fleissig ger\u00e4umt und nun ist die K\u00fcche beinahe fertig. 2 Sch\u00f6nheitsfehler gibt es noch. Die Arbeitsplatte unter dem Fenster wurde falsch geliefert und ist zu kurz. Ersatz soll allerdings noch eingebaut werden. Bis dahin bleibt in der Ecke ein offenes Loch. Der Platz darunter bleibt leider verschenkt, aber das l\u00e4sst sich technisch nicht \u00e4ndern.<\/p>\n<figure id=\"attachment_1898\" aria-describedby=\"caption-attachment-1898\" style=\"width: 225px\" class=\"wp-caption aligncenter\"><a href=\"http:\/\/www.final-memory.org\/wp-content\/uploads\/2010\/10\/IMG_0779.JPG\"><img loading=\"lazy\" decoding=\"async\" class=\"size-medium wp-image-1898\" title=\"IMG_0779\" src=\"http:\/\/www.final-memory.org\/wp-content\/uploads\/2010\/10\/IMG_0779-225x300.jpg\" alt=\"Blick auf Kochfeld und Sp\u00fcle\" width=\"225\" height=\"300\" srcset=\"https:\/\/www.final-memory.org\/wp-content\/uploads\/2010\/10\/IMG_0779-225x300.jpg 225w, https:\/\/www.final-memory.org\/wp-content\/uploads\/2010\/10\/IMG_0779.JPG 600w\" sizes=\"auto, (max-width: 225px) 85vw, 225px\" \/><\/a><figcaption id=\"caption-attachment-1898\" class=\"wp-caption-text\">Blick auf Kochfeld und Sp\u00fcle<\/figcaption><\/figure>\n<p>Ausserdem ist nat\u00fcrlich das Kochfeld nicht eingebaut. Da wir den Herd extra gekauft haben, wurde dort nat\u00fcrlich nichts angeschlossen. Lediglich eine Verl\u00e4ngerungsleitung wurde uns gelegt. Mit L\u00fcsterklemmen und viel Isolierband ist die Verbindung schon zusammengebastelt. Wenn Janinas Vater dann das ok gibt, versenken wir das Kabel hinterm Schrank\u00a0 und das Kochfeld in der Aussparung.Nat\u00fcrlich alles ohne die Sicherungen eingeschaltet zu haben.<\/p>\n<figure id=\"attachment_1899\" aria-describedby=\"caption-attachment-1899\" style=\"width: 225px\" class=\"wp-caption aligncenter\"><a href=\"http:\/\/www.final-memory.org\/wp-content\/uploads\/2010\/10\/IMG_0775.JPG\"><img loading=\"lazy\" decoding=\"async\" class=\"size-medium wp-image-1899\" title=\"IMG_0775\" src=\"http:\/\/www.final-memory.org\/wp-content\/uploads\/2010\/10\/IMG_0775-225x300.jpg\" alt=\"Der Backofen im Hochschrank\" width=\"225\" height=\"300\" srcset=\"https:\/\/www.final-memory.org\/wp-content\/uploads\/2010\/10\/IMG_0775-225x300.jpg 225w, https:\/\/www.final-memory.org\/wp-content\/uploads\/2010\/10\/IMG_0775.JPG 600w\" sizes=\"auto, (max-width: 225px) 85vw, 225px\" \/><\/a><figcaption id=\"caption-attachment-1899\" class=\"wp-caption-text\">Der Backofen im Hochschrank<\/figcaption><\/figure>\n<p>Den Backofen haben Janina und ich eigenh\u00e4ndig in den Schrank gewuchtet. Problematisch war hier nur die zu kurze Stromleitung. 2 Schrauben von vorne ins Holz gedreht und nun ist der Backofen drinne. Ausprobiert aber auch noch nicht.<\/p>\n<figure id=\"attachment_1900\" aria-describedby=\"caption-attachment-1900\" style=\"width: 225px\" class=\"wp-caption aligncenter\"><a href=\"http:\/\/www.final-memory.org\/wp-content\/uploads\/2010\/10\/IMG_0781.JPG\"><img loading=\"lazy\" decoding=\"async\" class=\"size-medium wp-image-1900\" title=\"IMG_0781\" src=\"http:\/\/www.final-memory.org\/wp-content\/uploads\/2010\/10\/IMG_0781-225x300.jpg\" alt=\"Blick Richtung Fenster und auf die noch fehlende Arbeitsplatte in der Ecke\" width=\"225\" height=\"300\" srcset=\"https:\/\/www.final-memory.org\/wp-content\/uploads\/2010\/10\/IMG_0781-225x300.jpg 225w, https:\/\/www.final-memory.org\/wp-content\/uploads\/2010\/10\/IMG_0781.JPG 600w\" sizes=\"auto, (max-width: 225px) 85vw, 225px\" \/><\/a><figcaption id=\"caption-attachment-1900\" class=\"wp-caption-text\">Blick Richtung Fenster und auf die noch fehlende Arbeitsplatte in der Ecke<\/figcaption><\/figure>\n<p>Wir haben jedenfalls massig Platz und der allermeiste K\u00fcchenkram und das Alltagsgeschirr ist nun verstaut.<\/p>\n<p>Ich freue mich schon aufs kochen in der neuen K\u00fcche <img decoding=\"async\" class=\"lmbbox_smileys_img\" src=\"http:\/\/www.final-memory.org\/wp-content\/plugins\/lmbbox-smileys\/smileys\/tb\/smile1.gif\" alt=\":)\" \/><\/p>\n<div id=\"facebook_like\"><iframe src=\"http:\/\/www.facebook.com\/plugins\/like.php?href=https%3A%2F%2Fwww.final-memory.org%2F%3Fp%3D1895&amp;layout=standard&amp;show_faces=true&amp;width=500&amp;action=like&amp;font=segoe+ui&amp;colorscheme=light&amp;height=80\" scrolling=\"no\" frameborder=\"0\" style=\"border:none; overflow:hidden; width:500px; height:80px;\" allowTransparency=\"true\"><\/iframe><\/div>","protected":false},"excerpt":{"rendered":"<p>Wir haben gestern abend noch fleissig ger\u00e4umt und nun ist die K\u00fcche beinahe fertig. 2 Sch\u00f6nheitsfehler gibt es noch. Die Arbeitsplatte unter dem Fenster wurde falsch geliefert und ist zu kurz. Ersatz soll allerdings noch eingebaut werden. Bis dahin bleibt in der Ecke ein offenes Loch. Der Platz darunter bleibt leider verschenkt, aber das l\u00e4sst &hellip; <a href=\"https:\/\/www.final-memory.org\/?p=1895\" class=\"more-link\">Continue reading<span class=\"screen-reader-text\"> &#8220;Bilder der neuen K\u00fcche&#8221;<\/span><\/a><\/p>\n","protected":false},"author":2,"featured_media":0,"comment_status":"open","ping_status":"open","sticky":false,"template":"","format":"standard","meta":{"footnotes":""},"categories":[18,45],"tags":[],"class_list":["post-1895","post","type-post","status-publish","format-standard","hentry","category-privates","category-wohnen"],"_links":{"self":[{"href":"https:\/\/www.final-memory.org\/index.php?rest_route=\/wp\/v2\/posts\/1895","targetHints":{"allow":["GET"]}}],"collection":[{"href":"https:\/\/www.final-memory.org\/index.php?rest_route=\/wp\/v2\/posts"}],"about":[{"href":"https:\/\/www.final-memory.org\/index.php?rest_route=\/wp\/v2\/types\/post"}],"author":[{"embeddable":true,"href":"https:\/\/www.final-memory.org\/index.php?rest_route=\/wp\/v2\/users\/2"}],"replies":[{"embeddable":true,"href":"https:\/\/www.final-memory.org\/index.php?rest_route=%2Fwp%2Fv2%2Fcomments&post=1895"}],"version-history":[{"count":4,"href":"https:\/\/www.final-memory.org\/index.php?rest_route=\/wp\/v2\/posts\/1895\/revisions"}],"predecessor-version":[{"id":1902,"href":"https:\/\/www.final-memory.org\/index.php?rest_route=\/wp\/v2\/posts\/1895\/revisions\/1902"}],"wp:attachment":[{"href":"https:\/\/www.final-memory.org\/index.php?rest_route=%2Fwp%2Fv2%2Fmedia&parent=1895"}],"wp:term":[{"taxonomy":"category","embeddable":true,"href":"https:\/\/www.final-memory.org\/index.php?rest_route=%2Fwp%2Fv2%2Fcategories&post=1895"},{"taxonomy":"post_tag","embeddable":true,"href":"https:\/\/www.final-memory.org\/index.php?rest_route=%2Fwp%2Fv2%2Ftags&post=1895"}],"curies":[{"name":"wp","href":"https:\/\/api.w.org\/{rel}","templated":true}]}}