{"id":1714,"date":"2010-07-10T19:36:17","date_gmt":"2010-07-10T17:36:17","guid":{"rendered":"http:\/\/www.final-memory.org\/?p=1714"},"modified":"2010-07-10T19:36:17","modified_gmt":"2010-07-10T17:36:17","slug":"ceccato-antiwerbung-durch-produktbeobachtung","status":"publish","type":"post","link":"https:\/\/www.final-memory.org\/?p=1714","title":{"rendered":"Ceccato Antiwerbung &#8211; durch Produktbeobachtung"},"content":{"rendered":"<p><object classid=\"clsid:d27cdb6e-ae6d-11cf-96b8-444553540000\" width=\"400\" height=\"360\" codebase=\"http:\/\/download.macromedia.com\/pub\/shockwave\/cabs\/flash\/swflash.cab#version=6,0,40,0\"><param name=\"allowFullScreen\" value=\"true\" \/><param name=\"allowscriptaccess\" value=\"always\" \/><param name=\"src\" value=\"http:\/\/www.youtube.com\/v\/l5sx3fCkXaM&amp;hl=de_DE&amp;fs=1\" \/><param name=\"allowfullscreen\" value=\"true\" \/><embed type=\"application\/x-shockwave-flash\" width=\"400\" height=\"360\" src=\"http:\/\/www.youtube.com\/v\/l5sx3fCkXaM&amp;hl=de_DE&amp;fs=1\" allowscriptaccess=\"always\" allowfullscreen=\"true\"><\/embed><\/object><\/p>\n<p>Der Waschvorgang bei dieser Ceccato Autowaschanlage erscheint wenig kontrolliert und der Anpressdruck der Dachb\u00fcrste ist sicherlich nicht gut f\u00fcr den Lack. Das Anwinkeln der Seitenb\u00fcrsten f\u00fchrt auch nicht zu einer guten Mitten\u00fcberdeckung. F\u00fcr Italien oder Spanien mags reichen, aber ich k\u00e4me mir da als Kunde verarscht vor. Bei allem Spa\u00df an der Technik, letztlich soll die Anlage den Wagen ja vern\u00fcnftig waschen und keine Show abziehen.<\/p>\n<div id=\"facebook_like\"><iframe src=\"http:\/\/www.facebook.com\/plugins\/like.php?href=https%3A%2F%2Fwww.final-memory.org%2F%3Fp%3D1714&amp;layout=standard&amp;show_faces=true&amp;width=500&amp;action=like&amp;font=segoe+ui&amp;colorscheme=light&amp;height=80\" scrolling=\"no\" frameborder=\"0\" style=\"border:none; overflow:hidden; width:500px; height:80px;\" allowTransparency=\"true\"><\/iframe><\/div>","protected":false},"excerpt":{"rendered":"<p>Der Waschvorgang bei dieser Ceccato Autowaschanlage erscheint wenig kontrolliert und der Anpressdruck der Dachb\u00fcrste ist sicherlich nicht gut f\u00fcr den Lack. Das Anwinkeln der Seitenb\u00fcrsten f\u00fchrt auch nicht zu einer guten Mitten\u00fcberdeckung. F\u00fcr Italien oder Spanien mags reichen, aber ich k\u00e4me mir da als Kunde verarscht vor. Bei allem Spa\u00df an der Technik, letztlich soll &hellip; <a href=\"https:\/\/www.final-memory.org\/?p=1714\" class=\"more-link\">Continue reading<span class=\"screen-reader-text\"> &#8220;Ceccato Antiwerbung &#8211; durch Produktbeobachtung&#8221;<\/span><\/a><\/p>\n","protected":false},"author":2,"featured_media":0,"comment_status":"open","ping_status":"open","sticky":false,"template":"","format":"standard","meta":{"footnotes":""},"categories":[59],"tags":[],"class_list":["post-1714","post","type-post","status-publish","format-standard","hentry","category-autowasche"],"_links":{"self":[{"href":"https:\/\/www.final-memory.org\/index.php?rest_route=\/wp\/v2\/posts\/1714","targetHints":{"allow":["GET"]}}],"collection":[{"href":"https:\/\/www.final-memory.org\/index.php?rest_route=\/wp\/v2\/posts"}],"about":[{"href":"https:\/\/www.final-memory.org\/index.php?rest_route=\/wp\/v2\/types\/post"}],"author":[{"embeddable":true,"href":"https:\/\/www.final-memory.org\/index.php?rest_route=\/wp\/v2\/users\/2"}],"replies":[{"embeddable":true,"href":"https:\/\/www.final-memory.org\/index.php?rest_route=%2Fwp%2Fv2%2Fcomments&post=1714"}],"version-history":[{"count":2,"href":"https:\/\/www.final-memory.org\/index.php?rest_route=\/wp\/v2\/posts\/1714\/revisions"}],"predecessor-version":[{"id":1716,"href":"https:\/\/www.final-memory.org\/index.php?rest_route=\/wp\/v2\/posts\/1714\/revisions\/1716"}],"wp:attachment":[{"href":"https:\/\/www.final-memory.org\/index.php?rest_route=%2Fwp%2Fv2%2Fmedia&parent=1714"}],"wp:term":[{"taxonomy":"category","embeddable":true,"href":"https:\/\/www.final-memory.org\/index.php?rest_route=%2Fwp%2Fv2%2Fcategories&post=1714"},{"taxonomy":"post_tag","embeddable":true,"href":"https:\/\/www.final-memory.org\/index.php?rest_route=%2Fwp%2Fv2%2Ftags&post=1714"}],"curies":[{"name":"wp","href":"https:\/\/api.w.org\/{rel}","templated":true}]}}